{"id":856,"date":"2017-02-12T21:13:20","date_gmt":"2017-02-12T20:13:20","guid":{"rendered":"http:\/\/www.judohermee.be\/?p=856"},"modified":"2017-02-18T21:30:47","modified_gmt":"2017-02-18T20:30:47","slug":"championnats-regionnaux","status":"publish","type":"post","link":"http:\/\/www.judohermee.be\/index.php\/2017\/02\/12\/championnats-regionnaux\/","title":{"rendered":"Championnats r\u00e9gionnaux"},"content":{"rendered":"<p>Ce week-end des 11 et 12 f\u00e9vrier 2017, le team s\u2019est d\u00e9plac\u00e9 en masse dans le tournaisis pour prendre part aux championnats r\u00e9gionaux. Notre club s\u2019est particuli\u00e8rement distingu\u00e9 de mani\u00e8re positive, les trois premiers de chaque cat\u00e9gorie d\u00e9crochent le pr\u00e9cieux s\u00e9same pour le championnat national. Le d\u00e9placement de plus de deux cents pitons en valait la chandelle, jugez-en par vous-m\u00eames\u00a0:<\/p>\n<p><strong>En U15 masculins<\/strong><\/p>\n<p>Thomas Leblanc -55kg : 1er<\/p>\n<p>Tom Codognotto -50kg : 3\u00e8me<\/p>\n<p>Baptiste Lallemand -46kg : 5\u00e8me<\/p>\n<p>No\u00e9 Christiaans -50kg : 7\u00e8me<\/p>\n<p>Brice Kotsifakos -66kg : 7\u00e8me<\/p>\n<p>Luca Vervoort -42kg : N.C.<\/p>\n<p>&nbsp;<\/p>\n<p><strong>En U18 masculins<\/strong><\/p>\n<p>Arnaud Lallemand -42kg : 1er<\/p>\n<p>Thibault Simonato -55kg : 1er<\/p>\n<p>Nicolas Dejace -81kg : 1er<\/p>\n<p>Lo\u00efs Boonen -46kg : 2\u00e8me<\/p>\n<p>Pierre Claesen -90kg: 5\u00e8me<\/p>\n<p>Vincent Galler -55kg : 7\u00e8me<\/p>\n<p>Gautier P\u00e2ques -66kg : NC<\/p>\n<p>&nbsp;<\/p>\n<p><strong>En U21 Masculin<\/strong><\/p>\n<p>Timothe Bholand -100kg : 3\u00e8me<\/p>\n<p>Julien Modafferi -66kg : N.C.<\/p>\n<p>Benjamin Creme -81kg : N.C<\/p>\n<p>Vazgen Pogosyan : Forfait<\/p>\n<p>Thomas Ancion : Forfait<\/p>\n<p>&nbsp;<\/p>\n<p><strong>En U15 F\u00e9minines<\/strong><\/p>\n<p>Chloe Gendarme\u00a0: 1<sup>\u00e8re<\/sup><\/p>\n<p>Chloe Codognotto NC<\/p>\n<p>Aurelya Loix\u00a0: 5<sup>\u00e8me<\/sup><\/p>\n<p><sup>\u00a0<\/sup><\/p>\n<p><strong>En U18 F\u00e9minines<\/strong><\/p>\n<p>Carla Augustin 1<sup>\u00e8re<\/sup><\/p>\n<p>Emilie Schippers 7<sup>\u00e8me<\/sup><\/p>\n<p><sup>\u00a0<\/sup><\/p>\n<p><strong>U21 f\u00e9minines<\/strong><\/p>\n<p>Eva Lallemand\u00a0: 3<sup>\u00e8me<\/sup><\/p>\n<p>&nbsp;<\/p>\n<p>Ce seront donc non moins de dix de nos membres qui porteront haut les couleurs du club pour briguer une place sur les caisses du \u00ab\u00a0national\u00a0\u00bb, face \u00e0 nos ami(e)s n\u00e9erlandophones\u2026<\/p>\n<p>Souhaitons-leur d\u2019ores et d\u00e9j\u00e0 un franc succ\u00e8s \u00e0 HERSTAL, o\u00f9 se d\u00e9roulera ce championnat les 18 et 19 f\u00e9vrier, pour honorer les couleurs de la \u00ab\u00a0cit\u00e9 du diable\u00a0\u00bb\u2026<\/p>\n<p>Que les plus malchanceux, non s\u00e9lectionn\u00e9s, ne voient pas dans leur d\u00e9faite (parfois au pied du podium) une source de d\u00e9couragement, mais puisent dans leurs erreurs l\u2019envie de se surpasser ou de m\u00e9diter sur le pourquoi de leur d\u00e9convenue\u2026 On apprend beaucoup de ses erreurs et celui qui comprend pourquoi il a perdu a, paradoxalement, quand m\u00eame gagn\u00e9\u2026<\/p>\n<p>Si tu tombes cinq fois, rel\u00e8ve-toi six fois, citait Jigoro Kano, fondateur du judo\u2026<\/p>\n","protected":false},"excerpt":{"rendered":"<p>Ce week-end des 11 et 12 f\u00e9vrier 2017, le team s\u2019est d\u00e9plac\u00e9 en masse dans le tournaisis pour prendre part aux championnats [&hellip;]<\/p>\n","protected":false},"author":1,"featured_media":859,"comment_status":"open","ping_status":"open","sticky":false,"template":"","format":"gallery","meta":[],"categories":[1],"tags":[],"_links":{"self":[{"href":"http:\/\/www.judohermee.be\/index.php\/wp-json\/wp\/v2\/posts\/856"}],"collection":[{"href":"http:\/\/www.judohermee.be\/index.php\/wp-json\/wp\/v2\/posts"}],"about":[{"href":"http:\/\/www.judohermee.be\/index.php\/wp-json\/wp\/v2\/types\/post"}],"author":[{"embeddable":true,"href":"http:\/\/www.judohermee.be\/index.php\/wp-json\/wp\/v2\/users\/1"}],"replies":[{"embeddable":true,"href":"http:\/\/www.judohermee.be\/index.php\/wp-json\/wp\/v2\/comments?post=856"}],"version-history":[{"count":1,"href":"http:\/\/www.judohermee.be\/index.php\/wp-json\/wp\/v2\/posts\/856\/revisions"}],"predecessor-version":[{"id":857,"href":"http:\/\/www.judohermee.be\/index.php\/wp-json\/wp\/v2\/posts\/856\/revisions\/857"}],"wp:featuredmedia":[{"embeddable":true,"href":"http:\/\/www.judohermee.be\/index.php\/wp-json\/wp\/v2\/media\/859"}],"wp:attachment":[{"href":"http:\/\/www.judohermee.be\/index.php\/wp-json\/wp\/v2\/media?parent=856"}],"wp:term":[{"taxonomy":"category","embeddable":true,"href":"http:\/\/www.judohermee.be\/index.php\/wp-json\/wp\/v2\/categories?post=856"},{"taxonomy":"post_tag","embeddable":true,"href":"http:\/\/www.judohermee.be\/index.php\/wp-json\/wp\/v2\/tags?post=856"}],"curies":[{"name":"wp","href":"https:\/\/api.w.org\/{rel}","templated":true}]}}