{"id":917,"date":"2017-03-18T16:44:46","date_gmt":"2017-03-18T15:44:46","guid":{"rendered":"http:\/\/www.judohermee.be\/?p=917"},"modified":"2017-03-27T20:07:46","modified_gmt":"2017-03-27T18:07:46","slug":"tournoi-international-de-leuregio-a-eupen","status":"publish","type":"post","link":"http:\/\/www.judohermee.be\/index.php\/2017\/03\/18\/tournoi-international-de-leuregio-a-eupen\/","title":{"rendered":"Tournoi International de l&rsquo;Euregio \u00e0 Eupen"},"content":{"rendered":"<p>F\u00e9licitations \u00e0 tous les judokas, petits et grands pour leur courage, leur combativit\u00e9 et le respect envers leurs adversaires,&#8230;<\/p>\n<p>F\u00e9licitations aussi \u00e0 tous les parents qui les accompagnent, les encouragent et les soutiennent dans les moments plus difficiles,&#8230;<\/p>\n<div class=\"text_exposed_show\">\n<p>F\u00e9licitations aussi \u00e0 nos deux arbitres soci\u00e9taires !<\/p>\n<p>U11 Filles :<br \/>\nLucie 3\u00e8me<br \/>\nL\u00e9a 3\u00e8me<br \/>\nLola 2\u00e8me<br \/>\nElyna 1ere<\/p>\n<p>U11 Gar\u00e7ons :<br \/>\nNoah 2\u00e8me<br \/>\nTiziano 1er<br \/>\nTh\u00e9o 2\u00e8me<\/p>\n<p>U13 Gar\u00e7ons :<br \/>\nFlavio 3\u00e8me<br \/>\nNoah 4\u00e8me<br \/>\nSimon 2\u00e8me<\/p>\n<p>U15 Gar\u00e7ons :<br \/>\nEric 1er<br \/>\nBrice 2\u00e8me<\/p>\n<p>U15 Filles :<br \/>\nChlo\u00e9 1\u00e8re<br \/>\nAur\u00e9lya 1\u00e8re<\/p>\n<p>U18 Gar\u00e7on :<br \/>\nVincent 3\u00e8me<\/p>\n<\/div>\n","protected":false},"excerpt":{"rendered":"<p>F\u00e9licitations \u00e0 tous les judokas, petits et grands pour leur courage, leur combativit\u00e9 et le respect envers leurs adversaires,&#8230; F\u00e9licitations aussi \u00e0 [&hellip;]<\/p>\n","protected":false},"author":1,"featured_media":927,"comment_status":"open","ping_status":"open","sticky":false,"template":"","format":"gallery","meta":[],"categories":[1],"tags":[],"_links":{"self":[{"href":"http:\/\/www.judohermee.be\/index.php\/wp-json\/wp\/v2\/posts\/917"}],"collection":[{"href":"http:\/\/www.judohermee.be\/index.php\/wp-json\/wp\/v2\/posts"}],"about":[{"href":"http:\/\/www.judohermee.be\/index.php\/wp-json\/wp\/v2\/types\/post"}],"author":[{"embeddable":true,"href":"http:\/\/www.judohermee.be\/index.php\/wp-json\/wp\/v2\/users\/1"}],"replies":[{"embeddable":true,"href":"http:\/\/www.judohermee.be\/index.php\/wp-json\/wp\/v2\/comments?post=917"}],"version-history":[{"count":1,"href":"http:\/\/www.judohermee.be\/index.php\/wp-json\/wp\/v2\/posts\/917\/revisions"}],"predecessor-version":[{"id":934,"href":"http:\/\/www.judohermee.be\/index.php\/wp-json\/wp\/v2\/posts\/917\/revisions\/934"}],"wp:featuredmedia":[{"embeddable":true,"href":"http:\/\/www.judohermee.be\/index.php\/wp-json\/wp\/v2\/media\/927"}],"wp:attachment":[{"href":"http:\/\/www.judohermee.be\/index.php\/wp-json\/wp\/v2\/media?parent=917"}],"wp:term":[{"taxonomy":"category","embeddable":true,"href":"http:\/\/www.judohermee.be\/index.php\/wp-json\/wp\/v2\/categories?post=917"},{"taxonomy":"post_tag","embeddable":true,"href":"http:\/\/www.judohermee.be\/index.php\/wp-json\/wp\/v2\/tags?post=917"}],"curies":[{"name":"wp","href":"https:\/\/api.w.org\/{rel}","templated":true}]}}